{"id":14079,"date":"2022-03-08T10:26:38","date_gmt":"2022-03-08T09:26:38","guid":{"rendered":"https:\/\/donne4.it\/?p=14079"},"modified":"2022-08-17T18:41:07","modified_gmt":"2022-08-17T16:41:07","slug":"mi-chiamavano-la-signora-delle-stelle","status":"publish","type":"post","link":"https:\/\/donne4.it\/en\/mi-chiamavano-la-signora-delle-stelle\/","title":{"rendered":"Nobil Donne 4.0 &#8211; Mi chiamavano &#8220;La signora delle stelle&#8221;"},"content":{"rendered":"\n<h4 class=\"wp-block-heading\">Nobil Donne 4.0 &#8211; Mi chiamavano &#8220;La signora delle stelle&#8221;<\/h4>\n\n\n\n<p>Oggi \u00e8 famoso il film \u201c<em><strong>Don\u2019t look up<\/strong><\/em>\u201d (che tradotto significa \u201cNon alzare lo sguardo\u201d), ecco se avessi dato ascolto a questo, la mia vita sarebbe stata persa! Sono la\u00a0<strong>prima donna in Italia a dirigere un osservatorio astronomico<\/strong>\u00a0(quello di Trieste, che \u00e8 diventato sotto la mia guida un centro d\u2019eccellenza internazionale), sono un\u2019<strong>astrofisica<\/strong>, una\u00a0<strong>persona libera<\/strong>,\u00a0<strong>attivista dei diritti civili e degli animali<\/strong>.<\/p>\n\n\n\n<h4 class=\"wp-block-heading\" id=\"apparenza-e-sostanza-due-facce-della-stessa-medaglia\">Apparenza e sostanza, due facce della stessa medaglia<\/h4>\n\n\n\n<p>Una mia amica ama ripetere a chi non mi conosce: \u201c<em>Hai mai visto una&nbsp;<strong>foto di Margherita Hack<\/strong>&nbsp;in cui non sorrida? Io no, perch\u00e9 non esiste<\/em>\u201d. Il motivo principale \u00e8 che&nbsp;<strong>ho sempre fatto quello che mi piaceva<\/strong>: mi iscrissi a&nbsp;<strong>lettere<\/strong>, ma una sola ora di lezione mi bast\u00f2 per capire che non faceva per me. Ho studiato&nbsp;<strong>fisica all\u2019Universit\u00e0 di Firenze<\/strong>, e nel 1945 mi sono&nbsp;<strong>laureata in spettroscopia delle stelle<\/strong>, campo di studi interno all\u2019astronomia che mi ha profondamente affascinato e che non ho mai abbandonato. Oggi le chiamano&nbsp;<strong>STEM<\/strong>&nbsp;(acronimo che sta per Science, Technology, Engineering and Mathematics), di fatto sono le&nbsp;<strong>discipline scientifiche e tecnologiche<\/strong>&nbsp;di cui la fisica fa parte.<\/p>\n\n\n\n<p>Di&nbsp;<strong>foto<\/strong>&nbsp;ne ho a migliaia: mie tra le amate&nbsp;<strong>stelle<\/strong>, mie tra i miei&nbsp;<strong>gatti<\/strong>, con i miei&nbsp;<strong>amici scienziati<\/strong>&nbsp;dell\u2019ESA e della NASA. Ecco, anche loro comunque sanno che&nbsp;<strong>le mie preferite rimangono quelle con i gatti<\/strong>! [Ride]. Ho un debole per gli&nbsp;<strong>animali<\/strong>, lo sanno tutti. Al di l\u00e0 del fatto che non li mangio, \u00e8 perch\u00e9 li tratto come&nbsp;<strong>altri mammiferi<\/strong>&nbsp;come sono io, e loro ricambiano. Su questo ci intendiamo, e a me piace andare d\u2019accordo con chi ho intorno.<\/p>\n\n\n\n<h4 class=\"wp-block-heading\" id=\"a-cosa-penso-quando-guardo-il-cielo\">A cosa penso quando guardo il cielo<\/h4>\n\n\n\n<p>Sono&nbsp;<strong>atea<\/strong>, e la&nbsp;<strong>spiritualit\u00e0<\/strong>&nbsp;per me sta nella capacit\u00e0 di&nbsp;<strong>amare e comprendere gli altri<\/strong>. Lo sa bene&nbsp;<strong>mio marito Aldo<\/strong>, ci siamo conosciuti da bambini e siamo stati sempre insieme. Ci piace pensare che&nbsp;<strong>le stelle ci abbiano fatto incontrare<\/strong>, e abbiano sempre accompagnato le nostre&nbsp;<strong>scelte importanti<\/strong>, come quella di&nbsp;<strong>non avere figli<\/strong>: non eravamo portati, non era il nostro destino. Lo dico&nbsp;<strong>senza malinconia<\/strong>&nbsp;e con convinzione, a volte&nbsp;<strong>aiuto altre donne<\/strong>&nbsp;a completare questo ragionamento, perch\u00e9 in una&nbsp;<strong>cultura patriarcale<\/strong>&nbsp;come la nostra capita che la pretesa di fare figli assopisca i talenti.<\/p>\n\n\n\n<p>Ho sempre amato \u201c<strong>alzare l\u2019asticella<\/strong>\u201d, cos\u00ec si dice quando ti dai delle sfide: ho iniziato con il&nbsp;<strong>salto in alto<\/strong>, e ho continuato tutta la vita. Anche quando alla&nbsp;<strong>facolt\u00e0 di fisica<\/strong>&nbsp;io e una mia amica di liceo eravamo le&nbsp;<strong>uniche ragazze del gruppo<\/strong>, forte dell\u2019incoraggiamento dei miei genitori che ripetevano: \u201cFai quello per cui ti senti pi\u00f9 portata\u201d.<\/p>\n\n\n\n<p>Mi riesce facile&nbsp;<strong>spiegare concetti complessi con immagini e metafore<\/strong>, e certo la&nbsp;<strong>parlata fiorentina<\/strong>&nbsp;\u201c<em>da buona bischera<\/em>\u201d mi aiuta a&nbsp;<strong>tenere alta l\u2019attenzione<\/strong>&nbsp;del pubblico! Ridono, ma intanto capiscono tutto. E io sono contenta.<\/p>\n\n\n\n<h4 class=\"wp-block-heading\" id=\"sono-parte-di-una-stupenda-variegata-immensa-collettivita\">Sono parte di una stupenda, variegata, immensa collettivit\u00e0<\/h4>\n\n\n\n<p>Ho scritto molto da scienziata, ho&nbsp;<strong>pubblicato i miei lavori in tutto il mondo<\/strong>, ma sono anche&nbsp;<strong>impegnata politicamente<\/strong>&nbsp;ed \u00e8 una&nbsp;<strong>soddisfazione<\/strong>&nbsp;altrettanto appagante, anche se quando ho avuto la possibilit\u00e0 di praticarla attivamente ho scelto di tornare alla mia&nbsp;<strong>astronomia<\/strong>. Dare voce a chi non ne ha, o non ha una visibilit\u00e0 sufficiente, per me \u00e8 importantissimo.<\/p>\n\n\n\n<p>Non riesco a non curarmi delle&nbsp;<strong>ingiustizie<\/strong>, e da pi\u00f9 parti<strong>&nbsp;il mio pensiero \u00e8 considerato libero e anticonformista<\/strong>, in questo mi sento vicina a&nbsp;<strong>Emma Bonino&nbsp;<\/strong>compagna di tante battaglie. Oltre a essere&nbsp;<strong>un\u2019animalista<\/strong>, lotto per il&nbsp;<strong>riconoscimento giuridico delle coppie omosessuali<\/strong>, per il&nbsp;<strong>diritto all\u2019eutanasia<\/strong>&nbsp;e al&nbsp;<strong>riconoscimento del testamento biologico<\/strong>. In particolare, su questo tema della bioetica sono una convinta&nbsp;<strong>divulgatrice dei principi di coscienza&nbsp;<\/strong>che permettono a chiunque di avere una&nbsp;<strong>visione laica della vita<\/strong>, ovvero rispettosa del prossimo, della sua individualit\u00e0 e della sua libert\u00e0.<\/p>\n\n\n\n<h4 class=\"wp-block-heading\" id=\"cosa-penso-della-vita-extraterrestre\">Cosa penso della vita extraterrestre<\/h4>\n\n\n\n<p>\u201cNella nostra galassia ci sono&nbsp;<strong>400 miliardi di stelle<\/strong>. E&nbsp;<strong>pensare di essere unici \u00e8 molto improbabile<\/strong>\u201d. A seconda del contesto, amo aprire o chiudere i miei&nbsp;<strong>incontri pubblici<\/strong>&nbsp;cos\u00ec, con un po\u2019 di mistero. Io credo che esistano&nbsp;<strong>altre forme di vita nell\u2019universo<\/strong>, ma per problemi legati alla&nbsp;<strong>lontananza<\/strong>&nbsp;forse non saremo cos\u00ec fortunati da stabilire un contatto. Nel frattempo,&nbsp;<strong>tengo gli occhi sul cielo<\/strong>, chiss\u00e0!<\/p>\n\n\n\n<p>Sono&nbsp;<strong>Margherita Hack<\/strong>, e ho fatto della mia vita esattamente ci\u00f2 che volevo.<\/p>\n\n\n\n[Firenze 12 giugno 1922 \u2013 Trieste 29 giugno 2013]\n\n\n\n<p>***<\/p>\n\n\n\n<p>Link all&#8217;articolo originale su <a href=\"https:\/\/www.tuscanypeople.com\/margherita-hack-signora-delle-stelle\/\" target=\"_blank\" rel=\"noreferrer noopener\" title=\"Tuscanypeople.com\">Tuscanypeople.com<\/a><\/p>\n","protected":false},"excerpt":{"rendered":"<p>Un\u2019intervista immaginaria con la celebre astrofisica toscana Margherita Hack, una chiacchierata (ricostruita tramite dichiarazioni della scienziata) su alcuni dei temi a lei pi\u00f9 cari<\/p>\n","protected":false},"author":6,"featured_media":14081,"comment_status":"closed","ping_status":"open","sticky":false,"template":"","format":"standard","meta":{"pagelayer_contact_templates":[],"_pagelayer_content":"","footnotes":""},"categories":[72],"tags":[318,317,313,310,316,311,315,309,312,307,319,320,314,308],"class_list":["post-14079","post","type-post","status-publish","format-standard","has-post-thumbnail","hentry","category-nobildonne4","tag-astrofisica","tag-astronomia","tag-cielo","tag-dont-look-up","tag-emma-bonino","tag-esa","tag-facolta-di-fisica","tag-margherita-hack","tag-nasastem","tag-nobil-donne-4-0","tag-osservatorio-astronomico","tag-spettroscopia-delle-stelle","tag-stelle","tag-tuscanypeople"],"aioseo_notices":[],"_links":{"self":[{"href":"https:\/\/donne4.it\/en\/wp-json\/wp\/v2\/posts\/14079","targetHints":{"allow":["GET"]}}],"collection":[{"href":"https:\/\/donne4.it\/en\/wp-json\/wp\/v2\/posts"}],"about":[{"href":"https:\/\/donne4.it\/en\/wp-json\/wp\/v2\/types\/post"}],"author":[{"embeddable":true,"href":"https:\/\/donne4.it\/en\/wp-json\/wp\/v2\/users\/6"}],"replies":[{"embeddable":true,"href":"https:\/\/donne4.it\/en\/wp-json\/wp\/v2\/comments?post=14079"}],"version-history":[{"count":0,"href":"https:\/\/donne4.it\/en\/wp-json\/wp\/v2\/posts\/14079\/revisions"}],"wp:featuredmedia":[{"embeddable":true,"href":"https:\/\/donne4.it\/en\/wp-json\/wp\/v2\/media\/14081"}],"wp:attachment":[{"href":"https:\/\/donne4.it\/en\/wp-json\/wp\/v2\/media?parent=14079"}],"wp:term":[{"taxonomy":"category","embeddable":true,"href":"https:\/\/donne4.it\/en\/wp-json\/wp\/v2\/categories?post=14079"},{"taxonomy":"post_tag","embeddable":true,"href":"https:\/\/donne4.it\/en\/wp-json\/wp\/v2\/tags?post=14079"}],"curies":[{"name":"wp","href":"https:\/\/api.w.org\/{rel}","templated":true}]}}